{"id":19713,"date":"2020-05-08T10:00:48","date_gmt":"2020-05-08T10:00:48","guid":{"rendered":"https:\/\/swiss-stem-cells-science.ch\/brain-injuries\/"},"modified":"2024-03-13T10:14:21","modified_gmt":"2024-03-13T10:14:21","slug":"lesions-cerebrales-et-cellules-souches","status":"publish","type":"post","link":"https:\/\/sscb-stembiotech.ch\/fr\/news\/lesions-cerebrales-et-cellules-souches\/","title":{"rendered":"L\u00e9sions c\u00e9r\u00e9brales et cellules souches"},"content":{"rendered":"<p>Un groupe de chercheurs de l\u2019Hudson Institute en Australie a r\u00e9cemment publi\u00e9 une\u00a0<a href=\"https:\/\/stemcellres.biomedcentral.com\/articles\/10.1186\/s13287-019-1526-0?utm_source=miragenews&amp;utm_medium=miragenews&amp;utm_campaign=news\" target=\"_blank\" rel=\"noopener\">\u00e9tude<\/a>\u00a0dans la revue\u00a0<em>Stem Cell Research and Therapy<\/em>\u00a0sur l\u2019utilisation de\u00a0<strong>cellules souches<\/strong>\u00a0extraites du\u00a0<strong>cordon ombilical<\/strong>\u00a0pour le\u00a0<strong>traitement<\/strong>\u00a0des enfants pr\u00e9sentant un\u00a0<strong>retard de croissance intra-ut\u00e9rin<\/strong>\u00a0et des\u00a0<strong>nourrissons pr\u00e9matur\u00e9s<\/strong>.<\/p>\n<p>L\u2019objectif de cette \u00e9tude est d\u2019<strong>\u00e9valuer<\/strong>\u00a0le\u00a0<strong>potentiel<\/strong>\u00a0<strong>th\u00e9rapeutique<\/strong>\u00a0des\u00a0<strong>traitements<\/strong>\u00a0\u00e0 base de\u00a0<strong>cellules<\/strong>\u00a0<strong>souches<\/strong>\u00a0<strong>du<\/strong>\u00a0<strong>cordon<\/strong>\u00a0<strong>ombilical<\/strong>\u00a0pour pr\u00e9venir ou moduler les facteurs de\u00a0<strong>l\u00e9sions<\/strong>\u00a0<strong>c\u00e9r\u00e9brales<\/strong>\u00a0chez les pr\u00e9matur\u00e9s ou les enfants \u00e0 na\u00eetre pr\u00e9sentant un retard de croissance intra-ut\u00e9rin.<\/p>\n<p>Le\u00a0<strong>retard de croissance intra-ut\u00e9rin<\/strong>\u00a0est une condition dans laquelle l\u2019enfant \u00e0 na\u00eetre est plus petit que pr\u00e9vu. Elle peut survenir \u00e0 tout moment de la grossesse et peut entra\u00eener des pertes ou des dommages au niveau du d\u00e9veloppement c\u00e9r\u00e9bral, de la paralysie c\u00e9r\u00e9brale, de l\u2019autisme, des difficult\u00e9s d\u2019apprentissage et de comportement du b\u00e9b\u00e9. Cette condition peut \u00e9galement provoquer des\u00a0<strong>naissances pr\u00e9matur\u00e9es<\/strong>, qui \u00e0 leur tour\u00a0<strong>mettent en danger le bon d\u00e9veloppement du cerveau du b\u00e9b\u00e9<\/strong>.<\/p>\n<p>Les chercheurs impliqu\u00e9s dans l\u2019\u00e9tude ont d\u00e9montr\u00e9 comment\u00a0<strong>l\u2019utilisation des cellules souches du cordon ombilical peut att\u00e9nuer les dommages c\u00e9r\u00e9braux<\/strong>\u00a0caus\u00e9s par le retard de croissance intra-ut\u00e9rin et les naissances pr\u00e9matur\u00e9es. Le traitement \u00e0 base de cellules souches qu\u2019ils ont men\u00e9 lors de la phase I de l\u2019essai a r\u00e9duit de mani\u00e8re significative la neuroinflammation, le stress oxydatif et la r\u00e9sistance c\u00e9r\u00e9brovasculaire, attestant ainsi des\u00a0<strong>propri\u00e9t\u00e9s neuroprotectrices et neuror\u00e9paratrices<\/strong>\u00a0des cellules souches du cordon.<\/p>\n<p>Les r\u00e9sultats de cette recherche sont tr\u00e8s encourageants en ce qui concerne le\u00a0<strong>potentiel de conversion clinique<\/strong>. Il s\u2019agit \u00e9galement de la premi\u00e8re \u00e9tude \u00e0 d\u00e9montrer que les cellules souches du cordon ombilical sont neuroprotectrices pour le cerveau des pr\u00e9matur\u00e9s et des b\u00e9b\u00e9s \u00e0 na\u00eetre pr\u00e9sentant un retard de croissance.<\/p>\n<p>La\u00a0<strong>th\u00e9rapie n\u00e9onatale \u00e0 base de cellules souches<\/strong>\u00a0d\u00e9riv\u00e9es du sang du cordon ombilical est d\u00e9j\u00e0 test\u00e9e sur des b\u00e9b\u00e9s pr\u00e9matur\u00e9s et \u00e0 terme atteints de l\u00e9sions c\u00e9r\u00e9brales, ce qui d\u00e9montre sa\u00a0<strong>faisabilit\u00e9<\/strong>\u00a0et sa\u00a0<strong>s\u00e9curit\u00e9<\/strong>. C\u2019est pourquoi l\u2019\u00e9quipe de recherche australienne \u00abpropose maintenant que les r\u00e9sultats de cette \u00e9tude jettent les bases d\u2019une\u00a0<strong>nouvelle option de traitement<\/strong>, utilisant les cellules souches du sang de cordon comme th\u00e9rapie d\u2019<strong>intervention pr\u00e9coce<\/strong>\u00a0pour les enfants vuln\u00e9rables\u00bb.<\/p>\n<p>Le Dr A. Malhotra, qui dirige le projet, conclut que \u00abla th\u00e9rapie cellulaire est maintenant pr\u00eate \u00e0 \u00eatre\u00a0<strong>traduite en essais cliniques<\/strong>\u00a0et cette \u00e9tude fournit des preuves suppl\u00e9mentaires du\u00a0<strong>potentiel b\u00e9n\u00e9fique des cellules souches<\/strong>\u00a0chez les pr\u00e9matur\u00e9s\u00bb.<\/p>\n<p>Pour en savoir plus sur les\u00a0<strong>cellules souches du cordon ombilical<\/strong>\u00a0et d\u00e9couvrir comment\u00a0<strong>pr\u00e9server<\/strong>\u00a0celui de votre enfant avec\u00a0<em>Nescens Swiss Stem Cell Science<\/em>, contactez-nous\u00a0<a href=\"https:\/\/www.nescensswissstemcellscience.ch\/contact\/\" target=\"_blank\" rel=\"noopener\">ici<\/a>.<\/p>\n","protected":false},"excerpt":{"rendered":"<p>Prot\u00e9ger les b\u00e9b\u00e9s \u00e0 na\u00eetre pr\u00e9sentant un retard de croissance intra-ut\u00e9rin et les pr\u00e9matur\u00e9s contre les l\u00e9sions c\u00e9r\u00e9brales gr\u00e2ce aux cellules souches du cordon ombilical<\/p>\n","protected":false},"author":2,"featured_media":19709,"comment_status":"closed","ping_status":"closed","sticky":false,"template":"","format":"standard","meta":{"rank_math_lock_modified_date":false,"footnotes":""},"categories":[102],"tags":[],"class_list":["post-19713","post","type-post","status-publish","format-standard","has-post-thumbnail","hentry","category-perspectives-therapeutiques"],"_links":{"self":[{"href":"https:\/\/sscb-stembiotech.ch\/fr\/wp-json\/wp\/v2\/posts\/19713"}],"collection":[{"href":"https:\/\/sscb-stembiotech.ch\/fr\/wp-json\/wp\/v2\/posts"}],"about":[{"href":"https:\/\/sscb-stembiotech.ch\/fr\/wp-json\/wp\/v2\/types\/post"}],"author":[{"embeddable":true,"href":"https:\/\/sscb-stembiotech.ch\/fr\/wp-json\/wp\/v2\/users\/2"}],"replies":[{"embeddable":true,"href":"https:\/\/sscb-stembiotech.ch\/fr\/wp-json\/wp\/v2\/comments?post=19713"}],"version-history":[{"count":0,"href":"https:\/\/sscb-stembiotech.ch\/fr\/wp-json\/wp\/v2\/posts\/19713\/revisions"}],"wp:featuredmedia":[{"embeddable":true,"href":"https:\/\/sscb-stembiotech.ch\/fr\/wp-json\/wp\/v2\/media\/19709"}],"wp:attachment":[{"href":"https:\/\/sscb-stembiotech.ch\/fr\/wp-json\/wp\/v2\/media?parent=19713"}],"wp:term":[{"taxonomy":"category","embeddable":true,"href":"https:\/\/sscb-stembiotech.ch\/fr\/wp-json\/wp\/v2\/categories?post=19713"},{"taxonomy":"post_tag","embeddable":true,"href":"https:\/\/sscb-stembiotech.ch\/fr\/wp-json\/wp\/v2\/tags?post=19713"}],"curies":[{"name":"wp","href":"https:\/\/api.w.org\/{rel}","templated":true}]}}