{"id":20027,"date":"2019-07-26T10:00:19","date_gmt":"2019-07-26T10:00:19","guid":{"rendered":"https:\/\/swiss-stem-cells-science.ch\/hair-loss\/"},"modified":"2024-03-13T10:14:38","modified_gmt":"2024-03-13T10:14:38","slug":"perte-de-cheveux","status":"publish","type":"post","link":"https:\/\/sscb-stembiotech.ch\/fr\/news\/perte-de-cheveux\/","title":{"rendered":"Perte de cheveux: la solution pourrait venir des cellules souches"},"content":{"rendered":"<p>Lors de la derni\u00e8re r\u00e9union annuelle de l\u2019International Society for Stem Cell Research, une \u00e9quipe de chercheurs du Sanford Burnham Prebys Medical Discovery Institute (USA) a pr\u00e9sent\u00e9 une \u00e9tude sur la\u00a0<strong>culture des follicules pileux<\/strong>\u00a0\u00e0 partir de\u00a0<strong>cellules souches pluripotentes induites<\/strong>\u00a0(<strong>iPSC<\/strong>), obtenant un \u00ab\u00a0Merit Award\u00a0\u00bb.<\/p>\n<p>La\u00a0<strong>perte de cheveux<\/strong>\u00a0est un probl\u00e8me de sant\u00e9, qui peut d\u00e9pendre de plusieurs facteurs, tels que la\u00a0<strong>g\u00e9n\u00e9tique<\/strong>, le\u00a0<strong>vieillissement<\/strong>, une\u00a0<strong>maladie<\/strong>, une\u00a0<strong>th\u00e9rapie<\/strong>\u00a0agressive ou m\u00eame la\u00a0<strong>naissance<\/strong>\u00a0d\u2019un enfant. Cette condition affecte \u00e0 la fois les\u00a0<strong>hommes<\/strong>\u00a0et les\u00a0<strong>femmes<\/strong>, et souvent aussi les\u00a0<strong>enfants<\/strong>, entra\u00eenant une\u00a0<strong>d\u00e9tresse \u00e9motionnelle<\/strong>\u00a0qui affecte de mani\u00e8re significative la qualit\u00e9 de vie, conduisant souvent \u00e0 l\u2019anxi\u00e9t\u00e9 et la\u00a0<strong>d\u00e9pression<\/strong>.<\/p>\n<p>Le professeur Alexey Terskikh et son \u00e9quipe travaillent depuis 2015 sur le remplacement de la\u00a0<strong>papille dermique<\/strong>, un type de cellule qui r\u00e9side dans le bulbe pileux et est responsable de l\u2019alimentation et du d\u00e9veloppement des cheveux. Gr\u00e2ce aux cellules souches pluripotentes induites \u2013 cellules adultes\u00a0<strong>reprogramm\u00e9es<\/strong>\u00a0pour retourner \u00e0 l\u2019\u00e9tat embryonnaire \u2013 les chercheurs ont r\u00e9ussi \u00e0\u00a0<strong>repousser des cheveux de la peau elle-m\u00eame<\/strong>, tout comme les poils naturels.<\/p>\n<p>Le r\u00e9sultat semble vraiment extraordinaire et prometteur: les cheveux ont l\u2019air tout \u00e0 fait\u00a0<strong>naturels<\/strong>, tant au niveau de leur\u00a0<strong>croissance<\/strong>\u00a0que de la\u00a0<strong>couleur<\/strong>\u00a0et de l\u2019<strong>\u00e9paisseur<\/strong>. Ils peuvent \u00e9galement\u00a0<strong>continuer \u00e0 cro\u00eetre<\/strong>\u00a0et \u00e0 augmenter en\u00a0<strong>volume<\/strong>.<\/p>\n<p>Pour aider les cheveux \u00e0 pousser dans la bonne direction, une sorte d\u2019<strong>\u00e9chafaudage 3D<\/strong>\u00a0a \u00e9t\u00e9 cr\u00e9\u00e9, rendant ainsi possible de contr\u00f4ler le sens de la pousse du poil et de favoriser l\u2019int\u00e9gration de cellules \u00e9trang\u00e8res (iPSC) sur la peau du patient.<\/p>\n<p>\u00abCe que nous avons r\u00e9alis\u00e9, c\u2019est une\u00a0<strong>perc\u00e9e fondamentale<\/strong>\u00a0dans le d\u00e9veloppement de th\u00e9rapies contre la perte des cheveux \u00e0 l\u2019aide de cellules souches et en g\u00e9n\u00e9ral dans le domaine de la\u00a0<strong>m\u00e9decine r\u00e9g\u00e9n\u00e9rative<\/strong>\u00bb, d\u00e9clare le professeur Terskikh. Et encore \u00abNous disposons maintenant d\u2019une m\u00e9thode solide et bien contr\u00f4l\u00e9e pour\u00a0<strong>g\u00e9n\u00e9rer des cheveux<\/strong>\u00a0d\u2019apparence naturelle qui poussent \u00e0 travers la peau, en utilisant une\u00a0<strong>source illimit\u00e9e de cellules<\/strong>\u00a0papillaires dermiques issues de cellules souches pluripotentes induites\u00bb.<\/p>\n<p>Le\u00a0<strong>cordon ombilical<\/strong>\u00a0est une source inestimable de\u00a0<strong>cellules souches h\u00e9matopo\u00ef\u00e9tiques et m\u00e9senchymateuses<\/strong>. Leur collecte est une opportunit\u00e9 unique, possible lors de la naissance de votre enfant. D\u00e9couvrez le processus de conservation avec\u00a0<a href=\"https:\/\/www.nescensswissstemcellscience.ch\/\" target=\"_blank\" rel=\"noopener\"><em>Nescens Swiss Stem Cell Science<\/em><\/a>.<\/p>\n","protected":false},"excerpt":{"rendered":"<p>La perte de cheveux est un probl\u00e8me de sant\u00e9, qui peut d\u00e9pendre de plusieurs facteurs: une \u00e9tude sur la culture des follicules pileux \u00e0 partir de cellules souches pluripotentes induites (iPSC) pourrait \u00eatre la solution<\/p>\n","protected":false},"author":2,"featured_media":20023,"comment_status":"closed","ping_status":"closed","sticky":false,"template":"","format":"standard","meta":{"rank_math_lock_modified_date":false,"footnotes":""},"categories":[102],"tags":[],"class_list":["post-20027","post","type-post","status-publish","format-standard","has-post-thumbnail","hentry","category-perspectives-therapeutiques"],"_links":{"self":[{"href":"https:\/\/sscb-stembiotech.ch\/fr\/wp-json\/wp\/v2\/posts\/20027"}],"collection":[{"href":"https:\/\/sscb-stembiotech.ch\/fr\/wp-json\/wp\/v2\/posts"}],"about":[{"href":"https:\/\/sscb-stembiotech.ch\/fr\/wp-json\/wp\/v2\/types\/post"}],"author":[{"embeddable":true,"href":"https:\/\/sscb-stembiotech.ch\/fr\/wp-json\/wp\/v2\/users\/2"}],"replies":[{"embeddable":true,"href":"https:\/\/sscb-stembiotech.ch\/fr\/wp-json\/wp\/v2\/comments?post=20027"}],"version-history":[{"count":0,"href":"https:\/\/sscb-stembiotech.ch\/fr\/wp-json\/wp\/v2\/posts\/20027\/revisions"}],"wp:featuredmedia":[{"embeddable":true,"href":"https:\/\/sscb-stembiotech.ch\/fr\/wp-json\/wp\/v2\/media\/20023"}],"wp:attachment":[{"href":"https:\/\/sscb-stembiotech.ch\/fr\/wp-json\/wp\/v2\/media?parent=20027"}],"wp:term":[{"taxonomy":"category","embeddable":true,"href":"https:\/\/sscb-stembiotech.ch\/fr\/wp-json\/wp\/v2\/categories?post=20027"},{"taxonomy":"post_tag","embeddable":true,"href":"https:\/\/sscb-stembiotech.ch\/fr\/wp-json\/wp\/v2\/tags?post=20027"}],"curies":[{"name":"wp","href":"https:\/\/api.w.org\/{rel}","templated":true}]}}